{"id":3006,"date":"2026-01-19T19:43:15","date_gmt":"2026-01-19T16:43:15","guid":{"rendered":"https:\/\/www.demirhalil.com\/?p=3006"},"modified":"2026-01-19T23:10:56","modified_gmt":"2026-01-19T20:10:56","slug":"hemsire-hanim-once-saygi","status":"publish","type":"post","link":"http:\/\/www.demirhalil.com\/?p=3006","title":{"rendered":"Hem\u015fire Han\u0131m, \u00d6nce Sayg\u0131!!!"},"content":{"rendered":"\n<p>Ge\u00e7ti\u011fimiz hafta per\u015fembe g\u00fcn\u00fc Konyaalt\u0131 \u0130l\u00e7esi\u2019nde bulunan 31 Nolu Aile Sa\u011fl\u0131\u011f\u0131 Merkezine rutin kontrollerimiz i\u00e7in gittik. Sabah 8.30-9.00 aras\u0131nda doktorumuzu beklerken mahalle sakinleri gelmeye devam ediyordu.<\/p>\n\n\n\n<p>Di\u011fer doktor han\u0131m gelmi\u015f, hastalar\u0131yla ilgileniyordu. \u00c7ok ge\u00e7meden bizim de doktorumuz geldi.<\/p>\n\n\n\n<p>Doktorlar muayene ve hasta giri\u015fi yapt\u0131k\u00e7a hem\u015fire han\u0131m da kan \u00f6rneklerini almaya ba\u015flad\u0131. Hastalar\u0131 sisteme d\u00fc\u015fen s\u0131raya g\u00f6re \u00e7a\u011f\u0131r\u0131yordu.<\/p>\n\n\n\n<p>Hem\u015fire bir isim s\u00f6yledi ve s\u0131ras\u0131n\u0131 bekleyen bir han\u0131mefendi hem\u015fire han\u0131m\u0131n oldu\u011fu odaya ge\u00e7ti. Hemen kap\u0131 \u00f6n\u00fcnde, bir\u00e7ok ki\u015fi ile birlikte s\u0131ra bekledi\u011fimiz i\u00e7in hem\u015fire-hasta aras\u0131ndaki konu\u015fmaya \u015fahit olduk.<\/p>\n\n\n\n<p>Hasta: Kap\u0131y\u0131 kapatabilir miyim?<\/p>\n\n\n\n<p>Hem\u015fire: Hay\u0131r, kapatamazs\u0131n.<\/p>\n\n\n\n<p>Hasta: Neden?<\/p>\n\n\n\n<p>Hem\u015fire: Hava so\u011fuk, \u00fc\u015f\u00fcyorum.<\/p>\n\n\n\n<p>Aile sa\u011fl\u0131\u011f\u0131 merkezinin kap\u0131 giri\u015finin kar\u015f\u0131s\u0131ndaki klima \u00e7al\u0131\u015f\u0131yordu. Buras\u0131 bekleme salonuydu ve \u0131s\u0131nan hava kan alma odas\u0131na da gidiyordu.<\/p>\n\n\n\n<p>Ancak dikkat \u00e7eken bir konu vard\u0131. Hasta ba\u015f\u00f6rt\u00fcl\u00fcyd\u00fc. Anla\u015f\u0131lan dini hassasiyetleri gere\u011fi kalabal\u0131\u011f\u0131n g\u00f6z\u00fc \u00f6n\u00fcnde kan vermek istemiyordu.<\/p>\n\n\n\n<p>Hasta: \u0130ki dakikadan bir \u015fey olmaz.<\/p>\n\n\n\n<p>Hem\u015fire: Hay\u0131r kapatamazs\u0131n.<\/p>\n\n\n\n<p>Hasta: Ben bu \u015fekilde kan vermek istemiyorum.<\/p>\n\n\n\n<p>Hem\u015fire: Ben de bu \u015fekilde senden kan almak istemiyorum.<\/p>\n\n\n\n<p>Hasta d\u0131\u015far\u0131ya \u00e7\u0131kt\u0131, birisiyle yaz\u0131\u015ft\u0131, sonra d\u0131\u015far\u0131 \u00e7\u0131kt\u0131, birisiyle konu\u015ftu ve \u00e7ok ge\u00e7meden e\u015fi geldi. Bu sefer hastan\u0131n e\u015fi ve hem\u015fire aras\u0131nda \u015fiddetli tart\u0131\u015fma ya\u015fanmaya ba\u015flad\u0131. Hem\u015firenin sicili ve ismini istedi, \u015fikayet edece\u011fini s\u00f6yledi. Tabiki hem\u015fire de vermedi ve istedi\u011fin yere \u015fikayet et dedi.<\/p>\n\n\n\n<p>Bu arada ba\u015fka bir ba\u015f\u00f6rt\u00fcl\u00fc hasta, kap\u0131n\u0131n kapanmas\u0131n\u0131 kendisinin de isteyece\u011fini s\u00f6yledi. Hem\u015fire han\u0131m da <strong>\u201cyok \u00f6yle bir \u015fey\u201d<\/strong> diye i\u00e7erden seslendi. Aile Sa\u011fl\u0131\u011f\u0131 Merkezinde bulunan her iki doktor da d\u0131\u015far\u0131ya \u00e7\u0131kmad\u0131 bile.<\/p>\n\n\n\n<p>Hastan\u0131n e\u015fi odas\u0131na giderek doktorlardan birisiyle y\u00fcksek sesle tart\u0131\u015fmaya ba\u015flad\u0131. Bu arada doktorun yan\u0131ndaki hasta rahats\u0131z oldu. Bekleme salonundaki di\u011fer hastalar da s\u00f6ylenmeye ba\u015flad\u0131.<\/p>\n\n\n\n<p>Daha sonra doktor ba\u015fka bir hem\u015fireyi \u00e7a\u011f\u0131rarak kendi odas\u0131nda kan\u0131n al\u0131nmas\u0131n\u0131 sa\u011flad\u0131. Bu arada kan alma odas\u0131ndaki hem\u015fire de\u011fi\u015fimi sa\u011flanarak ayn\u0131 durumu talep eden di\u011fer hastalar\u0131n da kan\u0131 al\u0131nd\u0131.<\/p>\n\n\n\n<p>Bu zamanda, basit bir kan alma olay\u0131nda bu sayg\u0131s\u0131zl\u0131k neden yap\u0131l\u0131yor, anlayamad\u0131m. Hastan\u0131n hassasiyeti ve bu \u00e7ok masum talebi \u00e7ok rahatl\u0131kla yerine getirilebilirdi.<strong> Hastan\u0131n ba\u015f\u00f6rt\u00fcl\u00fc ya da tesett\u00fcre uygun giyiminin sorun olabilece\u011fini d\u00fc\u015f\u00fcnmek istemiyorum.<\/strong><\/p>\n\n\n\n<p>Hem\u015fire han\u0131m \u00fc\u015f\u00fcm\u00fc\u015f olabilir. Ancak kan alma odas\u0131na \u0131s\u0131nma ve serinleme i\u00e7in bir klima tak\u0131lm\u0131\u015f. \u0130htiya\u00e7 dahilinde kapat\u0131labilir diye bir kap\u0131 konulmu\u015f. D\u0131\u015far\u0131ya bakan pencereye de bir perde \u00e7ekilmi\u015f.<\/p>\n\n\n\n<p>Konu basit, \u00e7a\u011fda\u015fl\u0131k, demokrasi, \u00f6zg\u00fcrl\u00fck tart\u0131\u015fmalar\u0131 zirvede.<\/p>\n\n\n\n<p>Peki bu inatla\u015fma neden?<\/p>\n\n\n\n<p>Konuyla ilgili \u015fikayet \u0130l Sa\u011fl\u0131k M\u00fcd\u00fcrl\u00fc\u011f\u00fcne ileti\u015fmi\u015f durumda.<\/p>\n<div class=\"pvc_clear\"><\/div><p id=\"pvc_stats_3006\" class=\"pvc_stats all  \" data-element-id=\"3006\" style=\"\"><i class=\"pvc-stats-icon medium\" aria-hidden=\"true\"><svg aria-hidden=\"true\" focusable=\"false\" data-prefix=\"far\" data-icon=\"chart-bar\" role=\"img\" xmlns=\"http:\/\/www.w3.org\/2000\/svg\" viewBox=\"0 0 512 512\" class=\"svg-inline--fa fa-chart-bar fa-w-16 fa-2x\"><path fill=\"currentColor\" d=\"M396.8 352h22.4c6.4 0 12.8-6.4 12.8-12.8V108.8c0-6.4-6.4-12.8-12.8-12.8h-22.4c-6.4 0-12.8 6.4-12.8 12.8v230.4c0 6.4 6.4 12.8 12.8 12.8zm-192 0h22.4c6.4 0 12.8-6.4 12.8-12.8V140.8c0-6.4-6.4-12.8-12.8-12.8h-22.4c-6.4 0-12.8 6.4-12.8 12.8v198.4c0 6.4 6.4 12.8 12.8 12.8zm96 0h22.4c6.4 0 12.8-6.4 12.8-12.8V204.8c0-6.4-6.4-12.8-12.8-12.8h-22.4c-6.4 0-12.8 6.4-12.8 12.8v134.4c0 6.4 6.4 12.8 12.8 12.8zM496 400H48V80c0-8.84-7.16-16-16-16H16C7.16 64 0 71.16 0 80v336c0 17.67 14.33 32 32 32h464c8.84 0 16-7.16 16-16v-16c0-8.84-7.16-16-16-16zm-387.2-48h22.4c6.4 0 12.8-6.4 12.8-12.8v-70.4c0-6.4-6.4-12.8-12.8-12.8h-22.4c-6.4 0-12.8 6.4-12.8 12.8v70.4c0 6.4 6.4 12.8 12.8 12.8z\" class=\"\"><\/path><\/svg><\/i> <img loading=\"lazy\" decoding=\"async\" width=\"16\" height=\"16\" alt=\"Loading\" src=\"http:\/\/www.demirhalil.com\/wp-content\/plugins\/page-views-count\/ajax-loader-2x.gif\" border=0 \/><\/p><div class=\"pvc_clear\"><\/div>","protected":false},"excerpt":{"rendered":"<p>Ge\u00e7ti\u011fimiz hafta per\u015fembe g\u00fcn\u00fc Konyaalt\u0131 \u0130l\u00e7esi\u2019nde bulunan 31 Nolu Aile Sa\u011fl\u0131\u011f\u0131 Merkezine rutin kontrollerimiz i\u00e7in gittik. Sabah 8.30-9.00 aras\u0131nda doktorumuzu beklerken mahalle sakinleri gelmeye devam ediyordu. Di\u011fer doktor han\u0131m gelmi\u015f, &hellip; <a href=\"http:\/\/www.demirhalil.com\/?p=3006\" class=\"more-link\">Read More<\/a><\/p>\n<div class=\"pvc_clear\"><\/div>\n<p id=\"pvc_stats_3006\" class=\"pvc_stats all  \" data-element-id=\"3006\" style=\"\"><i class=\"pvc-stats-icon medium\" aria-hidden=\"true\"><svg aria-hidden=\"true\" focusable=\"false\" data-prefix=\"far\" data-icon=\"chart-bar\" role=\"img\" xmlns=\"http:\/\/www.w3.org\/2000\/svg\" viewBox=\"0 0 512 512\" class=\"svg-inline--fa fa-chart-bar fa-w-16 fa-2x\"><path fill=\"currentColor\" d=\"M396.8 352h22.4c6.4 0 12.8-6.4 12.8-12.8V108.8c0-6.4-6.4-12.8-12.8-12.8h-22.4c-6.4 0-12.8 6.4-12.8 12.8v230.4c0 6.4 6.4 12.8 12.8 12.8zm-192 0h22.4c6.4 0 12.8-6.4 12.8-12.8V140.8c0-6.4-6.4-12.8-12.8-12.8h-22.4c-6.4 0-12.8 6.4-12.8 12.8v198.4c0 6.4 6.4 12.8 12.8 12.8zm96 0h22.4c6.4 0 12.8-6.4 12.8-12.8V204.8c0-6.4-6.4-12.8-12.8-12.8h-22.4c-6.4 0-12.8 6.4-12.8 12.8v134.4c0 6.4 6.4 12.8 12.8 12.8zM496 400H48V80c0-8.84-7.16-16-16-16H16C7.16 64 0 71.16 0 80v336c0 17.67 14.33 32 32 32h464c8.84 0 16-7.16 16-16v-16c0-8.84-7.16-16-16-16zm-387.2-48h22.4c6.4 0 12.8-6.4 12.8-12.8v-70.4c0-6.4-6.4-12.8-12.8-12.8h-22.4c-6.4 0-12.8 6.4-12.8 12.8v70.4c0 6.4 6.4 12.8 12.8 12.8z\" class=\"\"><\/path><\/svg><\/i> <img loading=\"lazy\" decoding=\"async\" width=\"16\" height=\"16\" alt=\"Loading\" src=\"http:\/\/www.demirhalil.com\/wp-content\/plugins\/page-views-count\/ajax-loader-2x.gif\" border=0 \/><\/p>\n<div class=\"pvc_clear\"><\/div>\n","protected":false},"author":1,"featured_media":3008,"comment_status":"closed","ping_status":"open","sticky":false,"template":"","format":"standard","meta":{"footnotes":""},"categories":[50],"tags":[640],"class_list":["post-3006","post","type-post","status-publish","format-standard","has-post-thumbnail","hentry","category-guncelyazilar","tag-akdeniz-universtesi","entry"],"_links":{"self":[{"href":"http:\/\/www.demirhalil.com\/index.php?rest_route=\/wp\/v2\/posts\/3006","targetHints":{"allow":["GET"]}}],"collection":[{"href":"http:\/\/www.demirhalil.com\/index.php?rest_route=\/wp\/v2\/posts"}],"about":[{"href":"http:\/\/www.demirhalil.com\/index.php?rest_route=\/wp\/v2\/types\/post"}],"author":[{"embeddable":true,"href":"http:\/\/www.demirhalil.com\/index.php?rest_route=\/wp\/v2\/users\/1"}],"replies":[{"embeddable":true,"href":"http:\/\/www.demirhalil.com\/index.php?rest_route=%2Fwp%2Fv2%2Fcomments&post=3006"}],"version-history":[{"count":1,"href":"http:\/\/www.demirhalil.com\/index.php?rest_route=\/wp\/v2\/posts\/3006\/revisions"}],"predecessor-version":[{"id":3007,"href":"http:\/\/www.demirhalil.com\/index.php?rest_route=\/wp\/v2\/posts\/3006\/revisions\/3007"}],"wp:featuredmedia":[{"embeddable":true,"href":"http:\/\/www.demirhalil.com\/index.php?rest_route=\/wp\/v2\/media\/3008"}],"wp:attachment":[{"href":"http:\/\/www.demirhalil.com\/index.php?rest_route=%2Fwp%2Fv2%2Fmedia&parent=3006"}],"wp:term":[{"taxonomy":"category","embeddable":true,"href":"http:\/\/www.demirhalil.com\/index.php?rest_route=%2Fwp%2Fv2%2Fcategories&post=3006"},{"taxonomy":"post_tag","embeddable":true,"href":"http:\/\/www.demirhalil.com\/index.php?rest_route=%2Fwp%2Fv2%2Ftags&post=3006"}],"curies":[{"name":"wp","href":"https:\/\/api.w.org\/{rel}","templated":true}]}}